{"id":4673,"date":"2026-08-15T10:30:00","date_gmt":"2026-08-15T13:30:00","guid":{"rendered":"https:\/\/www.protea.org.br\/?p=4673"},"modified":"2026-08-17T10:39:52","modified_gmt":"2026-08-17T13:39:52","slug":"outubro-rosa-com-o-instituto-protea","status":"publish","type":"post","link":"https:\/\/www.protea.org.br\/en\/outubro-rosa-com-o-instituto-protea\/","title":{"rendered":"Outubro Rosa: Conscientiza\u00e7\u00e3o que precisa se transformar em vira acesso."},"content":{"rendered":"<p class=\"wp-block-paragraph\">Vivemos em uma sociedade que n\u00e3o aceita esperar.<\/p>\n\n\n\n<p class=\"wp-block-paragraph\">Enquanto 15 minutos podem parecer uma eternidade para muita gente, para milhares de mulheres que dependem do SUS, a espera pode significar mais de 200 dias entre diagn\u00f3stico e in\u00edcio do tratamento do c\u00e2ncer de mama.<\/p>\n\n\n\n<p class=\"wp-block-paragraph\"><strong>Esse tempo faz diferen\u00e7a na jornada de uma mulher que, nesse contexto, \u00e9 tamb\u00e9m paciente.<\/strong><\/p>\n\n\n\n<p class=\"wp-block-paragraph\">Quando diagnosticado e tratado precocemente, o c\u00e2ncer de mama pode chegar a at\u00e9 95% chances de cura, especialmente nos tumores em est\u00e1gio inicial. A detec\u00e7\u00e3o precoce aumenta as possibilidades de tratamentos mais efetivos e com maior potencial curativo.<\/p>\n\n\n\n<p class=\"wp-block-paragraph\"><strong>\u00c9 justamente nessa jornada que o Instituto Protea atua.<\/strong><\/p>\n\n\n\n<p class=\"wp-block-paragraph\">Desde sua cria\u00e7\u00e3o, o Protea trabalha para reduzir as barreiras que dificultam o acesso de mulheres em situa\u00e7\u00e3o de vulnerabilidade ao cuidado. Come\u00e7amos atuando no custeio do tratamento, em parceria com hospitais, e, desde 2021, ampliamos nossa atua\u00e7\u00e3o para projetos no diagn\u00f3stico precoce.<\/p>\n\n\n\n<p class=\"wp-block-paragraph\"><strong>N\u00e3o basta identificar uma suspeita.<\/strong><\/p>\n\n\n\n<p class=\"wp-block-paragraph\">\u00c9 preciso garantir que a mulher consiga realizar os exames necess\u00e1rios, chegar ao diagn\u00f3stico e, diante da confirma\u00e7\u00e3o do c\u00e2ncer, tenha acesso ao tratamento em tempo oportuno.<\/p>\n\n\n\n<p class=\"wp-block-paragraph\">Nosso objetivo \u00e9 impactar a jornada da paciente de ponta a ponta: da conscientiza\u00e7\u00e3o e preven\u00e7\u00e3o ao diagn\u00f3stico precoce e ao in\u00edcio do tratamento.<\/p>\n\n\n\n<figure class=\"wp-block-image size-full\"><img fetchpriority=\"high\" decoding=\"async\" width=\"1000\" height=\"563\" src=\"https:\/\/www.protea.org.br\/wp-content\/uploads\/2026\/08\/protea-outubro-26.jpg\" alt=\"\" class=\"wp-image-9166\" srcset=\"https:\/\/www.protea.org.br\/wp-content\/uploads\/2026\/08\/protea-outubro-26.jpg 1000w, https:\/\/www.protea.org.br\/wp-content\/uploads\/2026\/08\/protea-outubro-26-300x169.jpg 300w, https:\/\/www.protea.org.br\/wp-content\/uploads\/2026\/08\/protea-outubro-26-768x432.jpg 768w, https:\/\/www.protea.org.br\/wp-content\/uploads\/2026\/08\/protea-outubro-26-18x10.jpg 18w\" sizes=\"(max-width: 1000px) 100vw, 1000px\" \/><\/figure>\n\n\n\n<p class=\"wp-block-paragraph\"><strong>\u00c9 por isso que Outubro Rosa tem tanto impacto pra n\u00f3s.<\/strong><\/p>\n\n\n\n<p class=\"wp-block-paragraph\">O m\u00eas amplia a conscientiza\u00e7\u00e3o sobre o c\u00e2ncer de mama, leva informa\u00e7\u00e3o a mais mulheres e mobiliza a sociedade em torno de uma causa que precisa ser enfrentada durante todo o ano.<\/p>\n\n\n\n<p class=\"wp-block-paragraph\">A preven\u00e7\u00e3o tamb\u00e9m faz parte dessa jornada. Segundo o INCA, cerca de 30% dos casos de c\u00e2ncer de mama podem ser evitados com mudan\u00e7as comportamentais e a ado\u00e7\u00e3o de h\u00e1bitos saud\u00e1veis, como a pr\u00e1tica de atividade f\u00edsica, a manuten\u00e7\u00e3o do peso adequado e uma alimenta\u00e7\u00e3o saud\u00e1vel.<\/p>\n\n\n\n<p class=\"wp-block-paragraph\">Mas conscientizar \u00e9 apenas o primeiro passo.<\/p>\n\n\n\n<p class=\"wp-block-paragraph\">Para uma mulher em situa\u00e7\u00e3o de vulnerabilidade, saber que precisa investigar uma altera\u00e7\u00e3o n\u00e3o significa, necessariamente, conseguir realizar o exame, chegar ao diagn\u00f3stico ou iniciar o tratamento. Aqui, as desigualdades podem determinar diferentes desfechos.<\/p>\n\n\n\n<p class=\"wp-block-paragraph\"><strong>Unir for\u00e7as em Outubro Rosa significa transformar conscientiza\u00e7\u00e3o em acesso.<\/strong><\/p>\n\n\n\n<p class=\"wp-block-paragraph\">Ao doar para o Instituto Protea, pessoas e empresas contribuem para projetos comprometidos com o diagn\u00f3stico precoce e para o custeio do tratamento de mulheres com c\u00e2ncer de mama em situa\u00e7\u00e3o de vulnerabilidade.<\/p>\n\n\n\n<p class=\"wp-block-paragraph\">Cada doa\u00e7\u00e3o ajuda a reduzir barreiras, acelerar caminhos e garantir que mais mulheres recebam o cuidado de que precisam, no momento em que precisam.<\/p>\n\n\n\n<figure class=\"wp-block-image aligncenter size-large\"><img decoding=\"async\" width=\"1024\" height=\"574\" src=\"https:\/\/www.protea.org.br\/wp-content\/uploads\/2025\/05\/banner-post-rosa-1024x574.png\" alt=\"\" class=\"wp-image-8907\" srcset=\"https:\/\/www.protea.org.br\/wp-content\/uploads\/2025\/05\/banner-post-rosa-1024x574.png 1024w, https:\/\/www.protea.org.br\/wp-content\/uploads\/2025\/05\/banner-post-rosa-300x168.png 300w, https:\/\/www.protea.org.br\/wp-content\/uploads\/2025\/05\/banner-post-rosa-768x430.png 768w, https:\/\/www.protea.org.br\/wp-content\/uploads\/2025\/05\/banner-post-rosa-1536x860.png 1536w, https:\/\/www.protea.org.br\/wp-content\/uploads\/2025\/05\/banner-post-rosa-2048x1147.png 2048w, https:\/\/www.protea.org.br\/wp-content\/uploads\/2025\/05\/banner-post-rosa-18x10.png 18w\" sizes=\"(max-width: 1024px) 100vw, 1024px\" \/><\/figure>\n\n\n\n<blockquote class=\"wp-block-quote is-layout-flow wp-block-quote-is-layout-flow\">\n<p class=\"wp-block-paragraph\"><em>\u201cNenhuma mulher deveria ter suas chances de enfrentar o c\u00e2ncer de mama reduzidas pela falta de acesso. Por isso acreditamos na for\u00e7a de unir diferentes atores em torno de um objetivo comum: fazer com que recursos, conhecimento e cuidado cheguem a quem mais precisa. Cada parceria e cada doa\u00e7\u00e3o tornam isso poss\u00edvel.\u201d<\/em><\/p>\n<\/blockquote>\n\n\n\n<p class=\"wp-block-paragraph\"><strong>Nira Car\u00e1, diretora-executiva do Instituto Protea<\/strong><\/p>\n\n\n\n<div style=\"height:9px\" aria-hidden=\"true\" class=\"wp-block-spacer\"><\/div>\n\n\n\n<p class=\"wp-block-paragraph\"><\/p>\n\n\n\n<hr class=\"wp-block-separator has-alpha-channel-opacity\" style=\"margin-top:72;margin-bottom:72\"\/>\n\n\n\n<div style=\"height:28px\" aria-hidden=\"true\" class=\"wp-block-spacer\"><\/div>\n\n\n\n<p class=\"has-medium-font-size wp-block-paragraph\" style=\"line-height:1.2\">Para fazer um Projeto de Outubro Rosa em parceria com o Protea, envie um e-mail para <a href=\"mailto:parceria@institutoprotea.org.br\">parceria@institutoprotea.org.br<\/a> ou <a href=\"mailto:mara@institutoprotea.org.br\">mara@institutoprotea.org.br<\/a> e marque uma reuni\u00e3o.<\/p>\n\n\n\n<div style=\"height:7px\" aria-hidden=\"true\" class=\"wp-block-spacer\"><\/div>\n\n\n\n<hr class=\"wp-block-separator has-alpha-channel-opacity\" style=\"margin-top:72;margin-bottom:72\"\/>\n\n\n\n<p class=\"has-small-font-size wp-block-paragraph\" style=\"line-height:1\"><\/p>\n\n\n\n<div style=\"height:19px\" aria-hidden=\"true\" class=\"wp-block-spacer\"><\/div>\n\n\n\n<p class=\"has-small-font-size wp-block-paragraph\" style=\"line-height:1\"><strong>Fontes<\/strong><br>Instituto Nacional de C\u00e2ncer (INCA) \u2014 informa\u00e7\u00f5es sobre c\u00e2ncer de mama, detec\u00e7\u00e3o precoce, preven\u00e7\u00e3o e tratamento.<br>Minist\u00e9rio da Sa\u00fade \/ INCA \u2014 informa\u00e7\u00f5es sobre diagn\u00f3stico precoce e chances de cura do c\u00e2ncer de mama.<br>Observat\u00f3rio de Oncologia \/ Instituto Natura \u2014 Panorama do C\u00e2ncer de Mama no SUS.<br>Organiza\u00e7\u00e3o Mundial da Sa\u00fade (OMS) \u2014 Breast Cancer: Early Diagnosis and Screening.<br>Lei Federal n\u00ba 12.732\/2012 \u2014 estabelece o prazo de at\u00e9 60 dias para o in\u00edcio do primeiro tratamento de paciente com neoplasia maligna comprovada.<\/p>\n\n\n\n<p class=\"wp-block-paragraph\"><\/p>\n\n\n\n<div style=\"height:100px\" aria-hidden=\"true\" class=\"wp-block-spacer\"><\/div>\n\n\n\n<p class=\"wp-block-paragraph\"><\/p>","protected":false},"excerpt":{"rendered":"<p>Vivemos em uma sociedade que n\u00e3o aceita esperar. Enquanto 15 minutos podem parecer uma eternidade para muita gente, para milhares de mulheres que dependem do SUS, a espera pode significar mais de 200 dias entre diagn\u00f3stico e in\u00edcio do tratamento do c\u00e2ncer de mama. Esse tempo faz diferen\u00e7a na jornada de uma mulher que, nesse [&hellip;]<\/p>\n","protected":false},"author":6,"featured_media":8786,"comment_status":"closed","ping_status":"open","sticky":false,"template":"","format":"standard","meta":{"iawp_total_views":1643,"footnotes":""},"categories":[12],"tags":[],"class_list":["post-4673","post","type-post","status-publish","format-standard","has-post-thumbnail","hentry","category-blog"],"yoast_head":"<!-- This site is optimized with the Yoast SEO plugin v28.4 - https:\/\/yoast.com\/product\/yoast-seo-wordpress\/ -->\n<title>Outubro Rosa: Conscientiza\u00e7\u00e3o que precisa se transformar em vira acesso. - Protea<\/title>\n<meta name=\"robots\" content=\"index, follow, max-snippet:-1, max-image-preview:large, max-video-preview:-1\" \/>\n<link rel=\"canonical\" href=\"https:\/\/www.protea.org.br\/en\/outubro-rosa-com-o-instituto-protea\/\" \/>\n<meta property=\"og:locale\" content=\"en_US\" \/>\n<meta property=\"og:type\" content=\"article\" \/>\n<meta property=\"og:title\" content=\"Outubro Rosa: Conscientiza\u00e7\u00e3o que precisa se transformar em vira acesso. - Protea\" \/>\n<meta property=\"og:description\" content=\"Vivemos em uma sociedade que n\u00e3o aceita esperar. Enquanto 15 minutos podem parecer uma eternidade para muita gente, para milhares de mulheres que dependem do SUS, a espera pode significar mais de 200 dias entre diagn\u00f3stico e in\u00edcio do tratamento do c\u00e2ncer de mama. Esse tempo faz diferen\u00e7a na jornada de uma mulher que, nesse [&hellip;]\" \/>\n<meta property=\"og:url\" content=\"https:\/\/www.protea.org.br\/en\/outubro-rosa-com-o-instituto-protea\/\" \/>\n<meta property=\"og:site_name\" content=\"Protea\" \/>\n<meta property=\"article:published_time\" content=\"2026-08-15T13:30:00+00:00\" \/>\n<meta property=\"article:modified_time\" content=\"2026-08-17T13:39:52+00:00\" \/>\n<meta property=\"og:image\" content=\"https:\/\/www.protea.org.br\/wp-content\/uploads\/2025\/05\/OUTUBRO-ROSA-2026-PROTEA.jpg\" \/>\n\t<meta property=\"og:image:width\" content=\"1920\" \/>\n\t<meta property=\"og:image:height\" content=\"1080\" \/>\n\t<meta property=\"og:image:type\" content=\"image\/jpeg\" \/>\n<meta name=\"author\" content=\"Protea\" \/>\n<meta name=\"twitter:card\" content=\"summary_large_image\" \/>\n<meta name=\"twitter:label1\" content=\"Written by\" \/>\n\t<meta name=\"twitter:data1\" content=\"Protea\" \/>\n\t<meta name=\"twitter:label2\" content=\"Est. reading time\" \/>\n\t<meta name=\"twitter:data2\" content=\"4 minutes\" \/>\n<script type=\"application\/ld+json\" class=\"yoast-schema-graph\">{\"@context\":\"https:\\\/\\\/schema.org\",\"@graph\":[{\"@type\":\"Article\",\"@id\":\"https:\\\/\\\/www.protea.org.br\\\/outubro-rosa-com-o-instituto-protea\\\/#article\",\"isPartOf\":{\"@id\":\"https:\\\/\\\/www.protea.org.br\\\/outubro-rosa-com-o-instituto-protea\\\/\"},\"author\":{\"name\":\"Protea\",\"@id\":\"https:\\\/\\\/www.protea.org.br\\\/#\\\/schema\\\/person\\\/970c7fcad50ba5c192b2c7d8543bf489\"},\"headline\":\"Outubro Rosa: Conscientiza\u00e7\u00e3o que precisa se transformar em vira acesso.\",\"datePublished\":\"2026-08-15T13:30:00+00:00\",\"dateModified\":\"2026-08-17T13:39:52+00:00\",\"mainEntityOfPage\":{\"@id\":\"https:\\\/\\\/www.protea.org.br\\\/outubro-rosa-com-o-instituto-protea\\\/\"},\"wordCount\":635,\"publisher\":{\"@id\":\"https:\\\/\\\/www.protea.org.br\\\/#organization\"},\"image\":{\"@id\":\"https:\\\/\\\/www.protea.org.br\\\/outubro-rosa-com-o-instituto-protea\\\/#primaryimage\"},\"thumbnailUrl\":\"https:\\\/\\\/www.protea.org.br\\\/wp-content\\\/uploads\\\/2025\\\/05\\\/OUTUBRO-ROSA-2026-PROTEA.jpg\",\"articleSection\":[\"Blog\"],\"inLanguage\":\"en-US\"},{\"@type\":\"WebPage\",\"@id\":\"https:\\\/\\\/www.protea.org.br\\\/outubro-rosa-com-o-instituto-protea\\\/\",\"url\":\"https:\\\/\\\/www.protea.org.br\\\/outubro-rosa-com-o-instituto-protea\\\/\",\"name\":\"Outubro Rosa: Conscientiza\u00e7\u00e3o que precisa se transformar em vira acesso. - Protea\",\"isPartOf\":{\"@id\":\"https:\\\/\\\/www.protea.org.br\\\/#website\"},\"primaryImageOfPage\":{\"@id\":\"https:\\\/\\\/www.protea.org.br\\\/outubro-rosa-com-o-instituto-protea\\\/#primaryimage\"},\"image\":{\"@id\":\"https:\\\/\\\/www.protea.org.br\\\/outubro-rosa-com-o-instituto-protea\\\/#primaryimage\"},\"thumbnailUrl\":\"https:\\\/\\\/www.protea.org.br\\\/wp-content\\\/uploads\\\/2025\\\/05\\\/OUTUBRO-ROSA-2026-PROTEA.jpg\",\"datePublished\":\"2026-08-15T13:30:00+00:00\",\"dateModified\":\"2026-08-17T13:39:52+00:00\",\"breadcrumb\":{\"@id\":\"https:\\\/\\\/www.protea.org.br\\\/outubro-rosa-com-o-instituto-protea\\\/#breadcrumb\"},\"inLanguage\":\"en-US\",\"potentialAction\":[{\"@type\":\"ReadAction\",\"target\":[\"https:\\\/\\\/www.protea.org.br\\\/outubro-rosa-com-o-instituto-protea\\\/\"]}]},{\"@type\":\"ImageObject\",\"inLanguage\":\"en-US\",\"@id\":\"https:\\\/\\\/www.protea.org.br\\\/outubro-rosa-com-o-instituto-protea\\\/#primaryimage\",\"url\":\"https:\\\/\\\/www.protea.org.br\\\/wp-content\\\/uploads\\\/2025\\\/05\\\/OUTUBRO-ROSA-2026-PROTEA.jpg\",\"contentUrl\":\"https:\\\/\\\/www.protea.org.br\\\/wp-content\\\/uploads\\\/2025\\\/05\\\/OUTUBRO-ROSA-2026-PROTEA.jpg\",\"width\":1920,\"height\":1080},{\"@type\":\"BreadcrumbList\",\"@id\":\"https:\\\/\\\/www.protea.org.br\\\/outubro-rosa-com-o-instituto-protea\\\/#breadcrumb\",\"itemListElement\":[{\"@type\":\"ListItem\",\"position\":1,\"name\":\"In\u00edcio\",\"item\":\"https:\\\/\\\/www.protea.org.br\\\/\"},{\"@type\":\"ListItem\",\"position\":2,\"name\":\"Outubro Rosa: Conscientiza\u00e7\u00e3o que precisa se transformar em vira acesso.\"}]},{\"@type\":\"WebSite\",\"@id\":\"https:\\\/\\\/www.protea.org.br\\\/#website\",\"url\":\"https:\\\/\\\/www.protea.org.br\\\/\",\"name\":\"Protea\",\"description\":\"Tudo pela cura do c\u00e2ncer de mama.\",\"publisher\":{\"@id\":\"https:\\\/\\\/www.protea.org.br\\\/#organization\"},\"potentialAction\":[{\"@type\":\"SearchAction\",\"target\":{\"@type\":\"EntryPoint\",\"urlTemplate\":\"https:\\\/\\\/www.protea.org.br\\\/?s={search_term_string}\"},\"query-input\":{\"@type\":\"PropertyValueSpecification\",\"valueRequired\":true,\"valueName\":\"search_term_string\"}}],\"inLanguage\":\"en-US\"},{\"@type\":\"Organization\",\"@id\":\"https:\\\/\\\/www.protea.org.br\\\/#organization\",\"name\":\"Protea\",\"url\":\"https:\\\/\\\/www.protea.org.br\\\/\",\"logo\":{\"@type\":\"ImageObject\",\"inLanguage\":\"en-US\",\"@id\":\"https:\\\/\\\/www.protea.org.br\\\/#\\\/schema\\\/logo\\\/image\\\/\",\"url\":\"https:\\\/\\\/www.protea.org.br\\\/wp-content\\\/uploads\\\/2022\\\/04\\\/protea-logotipo.png\",\"contentUrl\":\"https:\\\/\\\/www.protea.org.br\\\/wp-content\\\/uploads\\\/2022\\\/04\\\/protea-logotipo.png\",\"width\":1222,\"height\":363,\"caption\":\"Protea\"},\"image\":{\"@id\":\"https:\\\/\\\/www.protea.org.br\\\/#\\\/schema\\\/logo\\\/image\\\/\"}},{\"@type\":\"Person\",\"@id\":\"https:\\\/\\\/www.protea.org.br\\\/#\\\/schema\\\/person\\\/970c7fcad50ba5c192b2c7d8543bf489\",\"name\":\"Protea\",\"image\":{\"@type\":\"ImageObject\",\"inLanguage\":\"en-US\",\"@id\":\"https:\\\/\\\/secure.gravatar.com\\\/avatar\\\/1ee89bcf44650a40436d8c9dd91fed0243c4a0241044aa78a40c93a673a1cf40?s=96&d=mm&r=g\",\"url\":\"https:\\\/\\\/secure.gravatar.com\\\/avatar\\\/1ee89bcf44650a40436d8c9dd91fed0243c4a0241044aa78a40c93a673a1cf40?s=96&d=mm&r=g\",\"contentUrl\":\"https:\\\/\\\/secure.gravatar.com\\\/avatar\\\/1ee89bcf44650a40436d8c9dd91fed0243c4a0241044aa78a40c93a673a1cf40?s=96&d=mm&r=g\",\"caption\":\"Protea\"},\"url\":\"https:\\\/\\\/www.protea.org.br\\\/en\\\/author\\\/protea\\\/\"}]}<\/script>\n<!-- \/ Yoast SEO plugin. -->","yoast_head_json":{"title":"Outubro Rosa: Conscientiza\u00e7\u00e3o que precisa se transformar em vira acesso. - Protea","robots":{"index":"index","follow":"follow","max-snippet":"max-snippet:-1","max-image-preview":"max-image-preview:large","max-video-preview":"max-video-preview:-1"},"canonical":"https:\/\/www.protea.org.br\/en\/outubro-rosa-com-o-instituto-protea\/","og_locale":"en_US","og_type":"article","og_title":"Outubro Rosa: Conscientiza\u00e7\u00e3o que precisa se transformar em vira acesso. - Protea","og_description":"Vivemos em uma sociedade que n\u00e3o aceita esperar. Enquanto 15 minutos podem parecer uma eternidade para muita gente, para milhares de mulheres que dependem do SUS, a espera pode significar mais de 200 dias entre diagn\u00f3stico e in\u00edcio do tratamento do c\u00e2ncer de mama. Esse tempo faz diferen\u00e7a na jornada de uma mulher que, nesse [&hellip;]","og_url":"https:\/\/www.protea.org.br\/en\/outubro-rosa-com-o-instituto-protea\/","og_site_name":"Protea","article_published_time":"2026-08-15T13:30:00+00:00","article_modified_time":"2026-08-17T13:39:52+00:00","og_image":[{"width":1920,"height":1080,"url":"https:\/\/www.protea.org.br\/wp-content\/uploads\/2025\/05\/OUTUBRO-ROSA-2026-PROTEA.jpg","type":"image\/jpeg"}],"author":"Protea","twitter_card":"summary_large_image","twitter_misc":{"Written by":"Protea","Est. reading time":"4 minutes"},"schema":{"@context":"https:\/\/schema.org","@graph":[{"@type":"Article","@id":"https:\/\/www.protea.org.br\/outubro-rosa-com-o-instituto-protea\/#article","isPartOf":{"@id":"https:\/\/www.protea.org.br\/outubro-rosa-com-o-instituto-protea\/"},"author":{"name":"Protea","@id":"https:\/\/www.protea.org.br\/#\/schema\/person\/970c7fcad50ba5c192b2c7d8543bf489"},"headline":"Outubro Rosa: Conscientiza\u00e7\u00e3o que precisa se transformar em vira acesso.","datePublished":"2026-08-15T13:30:00+00:00","dateModified":"2026-08-17T13:39:52+00:00","mainEntityOfPage":{"@id":"https:\/\/www.protea.org.br\/outubro-rosa-com-o-instituto-protea\/"},"wordCount":635,"publisher":{"@id":"https:\/\/www.protea.org.br\/#organization"},"image":{"@id":"https:\/\/www.protea.org.br\/outubro-rosa-com-o-instituto-protea\/#primaryimage"},"thumbnailUrl":"https:\/\/www.protea.org.br\/wp-content\/uploads\/2025\/05\/OUTUBRO-ROSA-2026-PROTEA.jpg","articleSection":["Blog"],"inLanguage":"en-US"},{"@type":"WebPage","@id":"https:\/\/www.protea.org.br\/outubro-rosa-com-o-instituto-protea\/","url":"https:\/\/www.protea.org.br\/outubro-rosa-com-o-instituto-protea\/","name":"Outubro Rosa: Conscientiza\u00e7\u00e3o que precisa se transformar em vira acesso. - Protea","isPartOf":{"@id":"https:\/\/www.protea.org.br\/#website"},"primaryImageOfPage":{"@id":"https:\/\/www.protea.org.br\/outubro-rosa-com-o-instituto-protea\/#primaryimage"},"image":{"@id":"https:\/\/www.protea.org.br\/outubro-rosa-com-o-instituto-protea\/#primaryimage"},"thumbnailUrl":"https:\/\/www.protea.org.br\/wp-content\/uploads\/2025\/05\/OUTUBRO-ROSA-2026-PROTEA.jpg","datePublished":"2026-08-15T13:30:00+00:00","dateModified":"2026-08-17T13:39:52+00:00","breadcrumb":{"@id":"https:\/\/www.protea.org.br\/outubro-rosa-com-o-instituto-protea\/#breadcrumb"},"inLanguage":"en-US","potentialAction":[{"@type":"ReadAction","target":["https:\/\/www.protea.org.br\/outubro-rosa-com-o-instituto-protea\/"]}]},{"@type":"ImageObject","inLanguage":"en-US","@id":"https:\/\/www.protea.org.br\/outubro-rosa-com-o-instituto-protea\/#primaryimage","url":"https:\/\/www.protea.org.br\/wp-content\/uploads\/2025\/05\/OUTUBRO-ROSA-2026-PROTEA.jpg","contentUrl":"https:\/\/www.protea.org.br\/wp-content\/uploads\/2025\/05\/OUTUBRO-ROSA-2026-PROTEA.jpg","width":1920,"height":1080},{"@type":"BreadcrumbList","@id":"https:\/\/www.protea.org.br\/outubro-rosa-com-o-instituto-protea\/#breadcrumb","itemListElement":[{"@type":"ListItem","position":1,"name":"In\u00edcio","item":"https:\/\/www.protea.org.br\/"},{"@type":"ListItem","position":2,"name":"Outubro Rosa: Conscientiza\u00e7\u00e3o que precisa se transformar em vira acesso."}]},{"@type":"WebSite","@id":"https:\/\/www.protea.org.br\/#website","url":"https:\/\/www.protea.org.br\/","name":"The Protea","description":"Tudo pela cura do c\u00e2ncer de mama.","publisher":{"@id":"https:\/\/www.protea.org.br\/#organization"},"potentialAction":[{"@type":"SearchAction","target":{"@type":"EntryPoint","urlTemplate":"https:\/\/www.protea.org.br\/?s={search_term_string}"},"query-input":{"@type":"PropertyValueSpecification","valueRequired":true,"valueName":"search_term_string"}}],"inLanguage":"en-US"},{"@type":"Organization","@id":"https:\/\/www.protea.org.br\/#organization","name":"The Protea","url":"https:\/\/www.protea.org.br\/","logo":{"@type":"ImageObject","inLanguage":"en-US","@id":"https:\/\/www.protea.org.br\/#\/schema\/logo\/image\/","url":"https:\/\/www.protea.org.br\/wp-content\/uploads\/2022\/04\/protea-logotipo.png","contentUrl":"https:\/\/www.protea.org.br\/wp-content\/uploads\/2022\/04\/protea-logotipo.png","width":1222,"height":363,"caption":"Protea"},"image":{"@id":"https:\/\/www.protea.org.br\/#\/schema\/logo\/image\/"}},{"@type":"Person","@id":"https:\/\/www.protea.org.br\/#\/schema\/person\/970c7fcad50ba5c192b2c7d8543bf489","name":"The Protea","image":{"@type":"ImageObject","inLanguage":"en-US","@id":"https:\/\/secure.gravatar.com\/avatar\/1ee89bcf44650a40436d8c9dd91fed0243c4a0241044aa78a40c93a673a1cf40?s=96&d=mm&r=g","url":"https:\/\/secure.gravatar.com\/avatar\/1ee89bcf44650a40436d8c9dd91fed0243c4a0241044aa78a40c93a673a1cf40?s=96&d=mm&r=g","contentUrl":"https:\/\/secure.gravatar.com\/avatar\/1ee89bcf44650a40436d8c9dd91fed0243c4a0241044aa78a40c93a673a1cf40?s=96&d=mm&r=g","caption":"Protea"},"url":"https:\/\/www.protea.org.br\/en\/author\/protea\/"}]}},"_links":{"self":[{"href":"https:\/\/www.protea.org.br\/en\/wp-json\/wp\/v2\/posts\/4673","targetHints":{"allow":["GET"]}}],"collection":[{"href":"https:\/\/www.protea.org.br\/en\/wp-json\/wp\/v2\/posts"}],"about":[{"href":"https:\/\/www.protea.org.br\/en\/wp-json\/wp\/v2\/types\/post"}],"author":[{"embeddable":true,"href":"https:\/\/www.protea.org.br\/en\/wp-json\/wp\/v2\/users\/6"}],"replies":[{"embeddable":true,"href":"https:\/\/www.protea.org.br\/en\/wp-json\/wp\/v2\/comments?post=4673"}],"version-history":[{"count":55,"href":"https:\/\/www.protea.org.br\/en\/wp-json\/wp\/v2\/posts\/4673\/revisions"}],"predecessor-version":[{"id":9173,"href":"https:\/\/www.protea.org.br\/en\/wp-json\/wp\/v2\/posts\/4673\/revisions\/9173"}],"wp:featuredmedia":[{"embeddable":true,"href":"https:\/\/www.protea.org.br\/en\/wp-json\/wp\/v2\/media\/8786"}],"wp:attachment":[{"href":"https:\/\/www.protea.org.br\/en\/wp-json\/wp\/v2\/media?parent=4673"}],"wp:term":[{"taxonomy":"category","embeddable":true,"href":"https:\/\/www.protea.org.br\/en\/wp-json\/wp\/v2\/categories?post=4673"},{"taxonomy":"post_tag","embeddable":true,"href":"https:\/\/www.protea.org.br\/en\/wp-json\/wp\/v2\/tags?post=4673"}],"curies":[{"name":"wp","href":"https:\/\/api.w.org\/{rel}","templated":true}]}}